{"id":20604,"date":"2021-10-26T12:04:59","date_gmt":"2021-10-26T10:04:59","guid":{"rendered":"https:\/\/totenart.pt\/blog\/?p=20604"},"modified":"2021-10-26T12:04:59","modified_gmt":"2021-10-26T10:04:59","slug":"historia-do-emoji","status":"publish","type":"post","link":"https:\/\/totenart.pt\/blog\/noticias\/historia-do-emoji\/","title":{"rendered":"Hist\u00f3ria do Emoji: assim come\u00e7ou tudo"},"content":{"rendered":"<p>A comunica\u00e7\u00e3o atrav\u00e9s das redes sociais est\u00e1 a tornar-se cada vez mais f\u00e1cil gra\u00e7as ao n\u00famero de emojis, certo? Mas esta l\u00edngua n\u00e3o \u00e9 algo novo. Hoje contamos-vos a <strong>hist\u00f3ria do emoji e a sua evolu\u00e7\u00e3o:<\/strong><\/p>\n<h2>Hist\u00f3ria do emoticon<\/h2>\n<p>Tudo come\u00e7ou com os SMS, te lembras? Os emoticons, precedentes dos emoji, nasceram da <strong>uni\u00e3o das palavras <em>emo\u00e7\u00e3o<\/em> e <em>\u00edcone<\/em> como uma forma de expressar sentimentos.<\/strong> Por detr\u00e1s deste nome encontramos os \u00edcones feitos atrav\u00e9s de caracteres ASCII. Ou seja, s\u00edmbolos criados a partir de sinais de pontua\u00e7\u00e3o :)<\/p>\n<p>Esta sucess\u00e3o de sinais para mostrar sentimentos nasceu em 1857. O mesmo ano em que o n\u00famero 73 foi utilizado em c\u00f3digo Morse para expressar &#8220;amor e beijos&#8221;. Alguns anos mais tarde, em 1881, a revista Puck publicou oficialmente um conjunto de quatro emoticons:<\/p>\n<p><img loading=\"lazy\" decoding=\"async\" class=\"aligncenter wp-image-20608 size-full\" src=\"https:\/\/totenart.pt\/blog\/wp-content\/uploads\/2021\/10\/totenart-emoticono-puck.png\" alt=\"\" width=\"434\" height=\"110\" srcset=\"https:\/\/totenart.pt\/blog\/wp-content\/uploads\/2021\/10\/totenart-emoticono-puck.png 434w, https:\/\/totenart.pt\/blog\/wp-content\/uploads\/2021\/10\/totenart-emoticono-puck-300x76.png 300w\" sizes=\"auto, (max-width: 434px) 100vw, 434px\" \/><\/p>\n<p>O desenvolvimento tecnol\u00f3gico continuou a avan\u00e7ar em todas as \u00e1reas, e os emoticons n\u00e3o deveriam ser excep\u00e7\u00e3o. Em 1999, a empresa de comunica\u00e7\u00f5es m\u00f3veis NTT Docomo encomendou <strong>os primeiros emoticons de cor.<\/strong> A partir desse momento, ficaram conhecidos como emoji (do japon\u00eas <em>e <\/em>imagem e <em>moji <\/em>car\u00e1ter).<\/p>\n<h2>Hist\u00f3ria dos emoji<\/h2>\n<p>Em 1999 a NTT Docomo lan\u00e7ou os primeiros 176 emojis para os seus telefones. A pessoa respons\u00e1vel pelo seu design foi Shigetaka Kurita. O que lhe foi pedido foi que fizesse uma pequena interface atraente para expressar sentimentos e informa\u00e7\u00f5es de uma forma simples. Kurita desenhou estes 176 desenhos em grelhas de 12\u00d712 p\u00edxeis. Mais tarde, a empresa melhorou-os e utilizou-os nos seus dispositivos. Podes saber mais sobre a hist\u00f3ria dos emoji nesta <a href=\"https:\/\/www.moma.org\/calendar\/exhibitions\/3639\" target=\"_blank\" rel=\"noopener\">exposi\u00e7\u00e3o do MoMa.<\/a><\/p>\n<p><img loading=\"lazy\" decoding=\"async\" class=\"size-full wp-image-20610 aligncenter\" src=\"https:\/\/totenart.pt\/blog\/wp-content\/uploads\/2021\/10\/totenart-historia-de-emoji-1.jpg\" alt=\"\" width=\"960\" height=\"389\" srcset=\"https:\/\/totenart.pt\/blog\/wp-content\/uploads\/2021\/10\/totenart-historia-de-emoji-1.jpg 960w, https:\/\/totenart.pt\/blog\/wp-content\/uploads\/2021\/10\/totenart-historia-de-emoji-1-300x122.jpg 300w, https:\/\/totenart.pt\/blog\/wp-content\/uploads\/2021\/10\/totenart-historia-de-emoji-1-768x311.jpg 768w\" sizes=\"auto, (max-width: 960px) 100vw, 960px\" \/><\/p>\n<p><strong>Com a chegada destes emojis pixelizados tudo come\u00e7ou.<\/strong> Anos mais tarde, em 2010, foi aceite uma proposta que tornou poss\u00edvel a inclus\u00e3o de emojis em todas as plataformas. Al\u00e9m disso, a sua utiliza\u00e7\u00e3o como l\u00edngua foi reconhecida. Em 2011 a Apple adicionou um teclado especial para estes \u00edcones, e um ano mais tarde foi a vez do Android.<\/p>\n<p>Estes s\u00edmbolos foram sendo pouco a pouco estandardizados. Algumas das regras estipuladas foram a adi\u00e7\u00e3o de uma margem preta, que os animais devem sempre olhar para a esquerda, e que os emojis devem medir no m\u00e1ximo 18 x 18 pixels.<\/p>\n<h3>Evolu\u00e7\u00e3o dos emoji<\/h3>\n<p>Com o tempo e as necessidades do mercado, os emojis sofreram m\u00faltiplas mudan\u00e7as. Al\u00e9m disso, gra\u00e7as aos pedidos e insist\u00eancia dos usu\u00e1rios, os emojis evolu\u00edram para apoiar a diversidade cultural, ideol\u00f3gica e sexual.<\/p>\n<p><img loading=\"lazy\" decoding=\"async\" class=\"size-full wp-image-20611 aligncenter\" src=\"https:\/\/totenart.pt\/blog\/wp-content\/uploads\/2021\/10\/emojipedia-totenart-historia-1024x332-1.jpg\" alt=\"\" width=\"1024\" height=\"332\" srcset=\"https:\/\/totenart.pt\/blog\/wp-content\/uploads\/2021\/10\/emojipedia-totenart-historia-1024x332-1.jpg 1024w, https:\/\/totenart.pt\/blog\/wp-content\/uploads\/2021\/10\/emojipedia-totenart-historia-1024x332-1-300x97.jpg 300w, https:\/\/totenart.pt\/blog\/wp-content\/uploads\/2021\/10\/emojipedia-totenart-historia-1024x332-1-768x249.jpg 768w\" sizes=\"auto, (max-width: 1024px) 100vw, 1024px\" \/><\/p>\n<p>Em 2015, por exemplo, foi acrescentada a possibilidade de mudar a cor da pele. Em 2018, foram acrescentados m\u00faltiplos s\u00edmbolos culturais e uma maior representa\u00e7\u00e3o de utilizadores surdos e em cadeira de rodas. Al\u00e9m disso, em 2017 alcan\u00e7\u00e1mos outro marco importante, especialmente para os valencianos e valencianas: <strong>o emoji da paella.<\/strong><\/p>\n<h2>Emojis e Significado<\/h2>\n<p>Como actualiza\u00e7\u00e3o deixamos-vos com <a href=\"https:\/\/www.emojimore.com\/pt\/\" target=\"_blank\" rel=\"noopener\">emojimore<\/a>, um site muito interessante onde podem descobrir os significados de todos os emojis. Nesta p\u00e1gina podes copiar o emoji de que mais gostes para a tua \u00e1rea de transfer\u00eancia e utiliz\u00e1-lo em qualquer lugar! Al\u00e9m disso, t\u00eam mensagens muito interessantes sobre os emoji que n\u00e3o seria de esperar:<\/p>\n<p><img loading=\"lazy\" decoding=\"async\" class=\"size-full wp-image-20612 aligncenter\" src=\"https:\/\/totenart.pt\/blog\/wp-content\/uploads\/2021\/10\/Emojis-em-fatos-infografico-e1562405704575-scaled.jpg\" alt=\"\" width=\"651\" height=\"2560\" srcset=\"https:\/\/totenart.pt\/blog\/wp-content\/uploads\/2021\/10\/Emojis-em-fatos-infografico-e1562405704575-scaled.jpg 651w, https:\/\/totenart.pt\/blog\/wp-content\/uploads\/2021\/10\/Emojis-em-fatos-infografico-e1562405704575-76x300.jpg 76w, https:\/\/totenart.pt\/blog\/wp-content\/uploads\/2021\/10\/Emojis-em-fatos-infografico-e1562405704575-768x3020.jpg 768w, https:\/\/totenart.pt\/blog\/wp-content\/uploads\/2021\/10\/Emojis-em-fatos-infografico-e1562405704575-521x2048.jpg 521w\" sizes=\"auto, (max-width: 651px) 100vw, 651px\" \/><\/p>\n<p>\u00c9 evidente que os emojis continuar\u00e3o a evoluir e mal podemos esperar para ver no que acabam por se tornar! Por agora, deixamos-vos com o mais recente, os Animojis:<\/p>\n<div class=\"contenedor\">\n<div class=\"reproductor\" data-id=\"D_Q-tn7yDvA\"><\/div>\n<\/div>\n<p>&nbsp;<\/p>\n<p>O que achas desta nova linguagem, artista? Conhecias a hist\u00f3ria destes pequenos desenhos?<\/p>\n<p>Aguardamos os vossos coment\u00e1rios!<\/p>\n","protected":false},"excerpt":{"rendered":"<p>A comunica\u00e7\u00e3o atrav\u00e9s das redes sociais est\u00e1 a tornar-se cada vez mais f\u00e1cil gra\u00e7as ao n\u00famero de emojis, certo? Mas esta l\u00edngua n\u00e3o \u00e9 algo novo. Hoje contamos-vos a hist\u00f3ria do emoji e a sua evolu\u00e7\u00e3o: Hist\u00f3ria do emoticon Tudo come\u00e7ou com os SMS, te lembras? Os emoticons, precedentes dos emoji, nasceram da uni\u00e3o das [&hellip;]<\/p>\n","protected":false},"author":17,"featured_media":20605,"comment_status":"open","ping_status":"open","sticky":false,"template":"","format":"standard","meta":{"footnotes":""},"categories":[1224,1212],"tags":[2264,2263,2266,2267,2265,1229],"class_list":["post-20604","post","type-post","status-publish","format-standard","has-post-thumbnail","hentry","category-formacao","category-noticias","tag-comunicacao","tag-emoji","tag-emojimore","tag-emoticon","tag-evolucao","tag-historia","product_cat-vernizes_-ceras"],"_links":{"self":[{"href":"https:\/\/totenart.pt\/blog\/wp-json\/wp\/v2\/posts\/20604","targetHints":{"allow":["GET"]}}],"collection":[{"href":"https:\/\/totenart.pt\/blog\/wp-json\/wp\/v2\/posts"}],"about":[{"href":"https:\/\/totenart.pt\/blog\/wp-json\/wp\/v2\/types\/post"}],"author":[{"embeddable":true,"href":"https:\/\/totenart.pt\/blog\/wp-json\/wp\/v2\/users\/17"}],"replies":[{"embeddable":true,"href":"https:\/\/totenart.pt\/blog\/wp-json\/wp\/v2\/comments?post=20604"}],"version-history":[{"count":3,"href":"https:\/\/totenart.pt\/blog\/wp-json\/wp\/v2\/posts\/20604\/revisions"}],"predecessor-version":[{"id":20614,"href":"https:\/\/totenart.pt\/blog\/wp-json\/wp\/v2\/posts\/20604\/revisions\/20614"}],"wp:featuredmedia":[{"embeddable":true,"href":"https:\/\/totenart.pt\/blog\/wp-json\/wp\/v2\/media\/20605"}],"wp:attachment":[{"href":"https:\/\/totenart.pt\/blog\/wp-json\/wp\/v2\/media?parent=20604"}],"wp:term":[{"taxonomy":"category","embeddable":true,"href":"https:\/\/totenart.pt\/blog\/wp-json\/wp\/v2\/categories?post=20604"},{"taxonomy":"post_tag","embeddable":true,"href":"https:\/\/totenart.pt\/blog\/wp-json\/wp\/v2\/tags?post=20604"}],"curies":[{"name":"wp","href":"https:\/\/api.w.org\/{rel}","templated":true}]}}